{"id":4325,"date":"2019-05-23T22:14:57","date_gmt":"2019-05-23T18:14:57","guid":{"rendered":"http:\/\/yusif.az\/main\/?p=4325"},"modified":"2019-08-05T01:26:44","modified_gmt":"2019-08-04T21:26:44","slug":"2019-cu-ild%c9%99-dunyada-bas-ver%c9%99n-b%c9%99zi-muhum-hadis%c9%99l%c9%99r-musahib%c9%99-ucun","status":"publish","type":"post","link":"https:\/\/yusif.az\/main\/?p=4325","title":{"rendered":"2019-cu ild\u0259 D\u00fcnyada ba\u015f ver\u0259n b\u0259zi m\u00fch\u00fcm hadis\u0259l\u0259r (M\u00fcsahib\u0259 \u00fc\u00e7\u00fcn)"},"content":{"rendered":"<blockquote>\n<h3 style=\"text-align: center;\"><strong>2019-cu ild\u0259 d\u00fcnyan\u0131n m\u00fch\u00fcm hadis\u0259l\u0259ri<\/strong><\/h3>\n<p>&nbsp;<\/p>\n<p><strong>Fevral ay\u0131nda Pakistan v\u0259 Hindistan aras\u0131nda m\u00fcnasib\u0259tl\u0259r g\u0259rginl\u0259\u015fib.<\/strong><\/p>\n<p>Hindistan\u0131n Pakistan\u0131 K\u0259\u015fmir b\u00f6lg\u0259sind\u0259 terror\u00e7ular\u0131 d\u0259st\u0259kl\u0259m\u0259kd\u0259 ittiham edib v\u0259 hava q\u00fcvv\u0259l\u0259ri il\u0259 Pakistan\u0131n hava m\u0259kan\u0131na daxil olub. Pakistan is\u0259 cavab olaraq Hindistan q\u0131r\u0131c\u0131lar\u0131n\u0131 vurub. N\u0259tic\u0259d\u0259 h\u0259r iki t\u0259r\u0259fd\u0259n \u00f6l\u0259n v\u0259 yaralanalar olub v\u0259 h\u0259r iki t\u0259r\u0259f m\u00fcharib\u0259y\u0259 haz\u0131rla\u015f\u0131rd\u0131. Yaln\u0131z Pakistan\u0131n 360-a yax\u0131n hindli v\u0259t\u0259nda\u015f\u0131 azad etm\u0259si haqda a\u00e7\u0131qlamas\u0131ndan sonra v\u0259ziyy\u0259t nisb\u0259t\u0259n sakitl\u0259\u015fib.<\/p>\n<p>&nbsp;<\/p>\n<p><strong>Martda Donald Tramp, Neyanyahu il\u0259 birlikd\u0259 ke\u00e7irdiyi birg\u0259 m\u0259tbuat konfrans\u0131nda \u0130srailin i\u015f\u011fal\u0131 alt\u0131ndak\u0131 Golan t\u0259p\u0259l\u0259rini \u0130srail \u0259razisi olaraq tan\u0131d\u0131\u011f\u0131 s\u0259n\u0259di imzalad\u0131.<\/strong><\/p>\n<p>Suriyaya m\u0259xsus Golan t\u0259p\u0259l\u0259ri 1967-ci ild\u0259 ba\u015f vermi\u015f\u00a0\u201calt\u0131 g\u00fcnl\u00fck m\u00fcharib\u0259\u201d zaman\u0131 \u0130srail t\u0259r\u0259find\u0259n i\u015f\u011fal olunmu\u015f v\u0259 1981-ci ild\u0259 \u0130srail t\u0259r\u0259fi t\u0259p\u0259l\u0259rin ilhaq\u0131n\u0131 r\u0259sm\u0259n elan etmi\u015fdi. AB\u015e Golan t\u0259p\u0259l\u0259rini \u0130srail \u0259razisi kimi tan\u0131yan ilk \u00f6lk\u0259dir. Tramp\u0131n bu q\u0259rar\u0131na d\u00fcnyan\u0131n \u0259ks\u0259r \u00f6lk\u0259l\u0259ri etiraz edib. Bu \u00f6lk\u0259l\u0259rin b\u0259zil\u0259ri: Rusiya, \u00c7in, T\u00fcrkiy\u0259, \u0130ran, \u0130raq v\u0259 s.<\/p>\n<p>&nbsp;<\/p>\n<p><strong>Venesuellada ikihakimiy\u0259tlilik yaran\u0131b.<\/strong><\/p>\n<p>Parlament spikeri Xuan Qauydonun hakimiyy\u0259t\u0259 yiy\u0259l\u0259nm\u0259k u\u011frunda m\u00fcbariz\u0259si \u00f6lk\u0259ni xaosa s\u00fcr\u00fckl\u0259yib. Xuan Qauydo \u00f6z\u00fcn\u00fc Venesuellan\u0131n yeni Prezidenti elan edib. Onun bu h\u0259r\u0259k\u0259ti he\u00e7 bir qanuna v\u0259 h\u00fcquq prinsipin\u0259 uy\u011fun olmasada ba\u015fda AB\u015e olmaqla bir ne\u00e7\u0259 q\u0259rb \u00f6lk\u0259si onu d\u0259st\u0259kl\u0259yib. Prezident Nikolas Maduro is\u0259 xalq\u0131n qar\u015f\u0131s\u0131na \u00e7\u0131xaraq \u0259halini ikinci hakimiyy\u0259t\u0259 etiraz etm\u0259y\u0259 \u00e7a\u011f\u0131r\u0131b. Bu m\u0259sl\u0259d\u0259 Nikolas Maduronu d\u0259st\u0259kl\u0259y\u0259n \u00f6lk\u0259l\u0259r is\u0259 \u0259sas\u0259n Rusiya, \u00c7in, \u0130ran, T\u00fcrkiy\u0259dir. \u00d6lk\u0259d\u0259ki a\u011f\u0131r iqtisadi durum, \u00f6l\u00fcml\u0259 n\u0259tic\u0259l\u0259n\u0259n i\u011fti\u015fa\u015flar, xarici \u00f6lk\u0259l\u0259rin m\u00fcdaxil\u0259l\u0259ri Venesuela d\u00f6vl\u0259t\u00e7iliyi \u00fc\u00e7\u00fcn ciddi t\u0259hl\u00fck\u0259 yarad\u0131r.<\/p>\n<p>&nbsp;<\/p>\n<p><strong>Sudanda h\u0259rbi \u00e7evrili\u015f ba\u015f verib.<\/strong><\/p>\n<p>2011-ci ild\u0259 q\u00fcvv\u0259y\u0259 min\u0259n Amerika sanksiyalar\u0131ndan v\u0259 C\u0259nubi Sudan\u0131n ayr\u0131lmas\u0131ndan sonra \u00f6lk\u0259d\u0259 iqtisadi b\u00f6hran h\u00f6km s\u00fcr\u00fcr. Sudan Ordusu t\u0259cili iclas ke\u00e7ir\u0259r\u0259k \u00f6lk\u0259 Prezidenti \u00d6m\u0259r \u0259l-B\u0259\u015fir v\u0259 onun k\u00f6m\u0259k\u00e7il\u0259rini b\u00fct\u00fcn v\u0259zif\u0259l\u0259rd\u0259n k\u0259narla\u015fd\u0131rmaq v\u0259 h\u00f6kum\u0259ti istefaya g\u00f6nd\u0259rm\u0259k bar\u0259d\u0259 q\u0259rar q\u0259bul edib. Ordu d\u00f6vl\u0259t televiziya binas\u0131n\u0131 \u0259l\u0259 ke\u00e7irib v\u0259 televiziya vasit\u0259si il\u0259 prezidentin v\u0259 h\u00f6kum\u0259tin istefaya g\u00f6nd\u0259rildiyini, H\u0259rbi \u015eura t\u0259sis etdikl\u0259rini v\u0259 3 ay f\u00f6vq\u0259lad\u0259 v\u0259ziyy\u0259t elan edildiyini, H\u0259rbi \u015euran\u0131n \u00f6lk\u0259ni iki il idar\u0259 ed\u0259c\u0259yini, daha sonra prezident se\u00e7kil\u0259ri ke\u00e7iril\u0259c\u0259yini b\u0259yan edibl\u0259r. 31 il hakimiyy\u0259td\u0259 olan \u00d6m\u0259r \u0259l-B\u0259\u015fir is\u0259 ordu t\u0259r\u0259find\u0259n devrildikd\u0259n sonra h\u0259bs edilib. Ordunun bu add\u0131m\u0131 \u0259halinin etiraz\u0131na s\u0259b\u0259b olub. Xartumda v\u0259 dig\u0259r \u015f\u0259h\u0259rl\u0259rd\u0259 ordu il\u0259 \u0259hali aras\u0131nda qar\u015f\u0131durmalar ba\u015f verib. N\u0259tic\u0259d\u0259 \u00f6l\u0259n v\u0259 yaralananlar olub. C\u0259mi 1 h\u0259ft\u0259 sonra H\u0259rbi \u015eura r\u0259hb\u0259ri istefa verm\u0259y\u0259 m\u0259cbur olub v\u0259 yerin\u0259 yeni ba\u015f\u00e7\u0131 g\u0259lib. \u00d6lk\u0259d\u0259 etiraz aksiyalar\u0131 v\u0259 g\u0259rginlik davam edir.<\/p>\n<p>&nbsp;<\/p>\n<p><strong>AB\u015e prezidenti Donald Tramp \u0130ranla 2012-ci ild\u0259 ba\u011flanm\u0131\u015f n\u00fcv\u0259 anla\u015fmas\u0131ndan t\u0259k t\u0259r\u0259fli olaraq ayr\u0131ld\u0131\u011f\u0131n\u0131 b\u0259yan edib.<\/strong><\/p>\n<p>Tramp bu m\u00fcqavil\u0259nin AB\u015e tarixinin \u0259n u\u011fursuz anla\u015fmas\u0131 oldu\u011funu deyib v\u0259 \u0130rana t\u0259tbiq olunmas\u0131 n\u0259z\u0259rd\u0259 tutulan yeni sanksiyalar\u0131 t\u0259qdim edib. Buna baxmayaraq \u0130ran t\u0259r\u0259fi anla\u015fmaya sadiq qalaca\u011f\u0131n\u0131 bildirib. \u018fks\u0259r \u00f6lk\u0259l\u0259r Tramp\u0131n bu q\u0259rar\u0131n\u0131 pisl\u0259yib. BMT Ba\u015f Katibi bu s\u0259n\u0259din 12 illik diplomatiyan\u0131n n\u0259tic\u0259si, eyni zamanda BMT &#8211; nin q\u0259tnam\u0259si oldu\u011funu, AB\u015e-\u0131n ayr\u0131lmas\u0131n\u0131n onun h\u00fcquqi q\u00fcvv\u0259sin\u0259 he\u00e7 bir t\u0259siri olmad\u0131\u011f\u0131 s\u00f6yl\u0259yib.<\/p>\n<p>&nbsp;<\/p>\n<p><strong>A\u0130 \u201cBrexit\u201d m\u0259s\u0259l\u0259sind\u0259 B\u00f6y\u00fck Britaniyaya verdiyi m\u00f6hl\u0259ti uzad\u0131b.<\/strong><\/p>\n<p>Mart ay\u0131n\u0131n 29-u \u201cBrexit\u201d raz\u0131la\u015fmas\u0131 h\u0259yata ke\u00e7irilm\u0259li v\u0259 B\u00f6y\u00fck Britaniya A\u0130-ni t\u0259rk etm\u0259li idi. Lakin B\u00f6y\u00fck Britaniya daxilind\u0259 fikir ayr\u0131l\u0131\u011f\u0131 yarand\u0131\u011f\u0131 \u00fc\u00e7\u00fcn bu ba\u015f verm\u0259yib. Avropa \u0130ttifaq\u0131n\u0131n 27 \u00fczv \u00f6lk\u0259sinin liderl\u0259ri Br\u00fcsseld\u0259 ke\u00e7iril\u0259n f\u00f6vq\u0259lad\u0259 iclas zaman\u0131 B\u00f6y\u00fck Britaniyan\u0131n A\u0130-d\u0259n \u00e7\u0131xmas\u0131 \u00fc\u00e7\u00fcn yeni m\u00f6hl\u0259t verm\u0259y\u0259 raz\u0131la\u015f\u0131blar. A\u0130 \u00f6lk\u0259l\u0259ri &#8220;Brexit&#8221;in realla\u015fd\u0131r\u0131lmas\u0131 \u00fc\u00e7\u00fcn 31 oktyabra q\u0259d\u0259r m\u00f6hl\u0259t verilm\u0259si bar\u0259d\u0259 raz\u0131l\u0131\u011fa g\u0259libl\u0259r.<\/p>\n<p>&nbsp;<\/p>\n<p><strong>Qazax\u0131stan\u0131n birinci prezidenti Nursultan Nazarbayev istefa verib. <\/strong><\/p>\n<p>Nursultan Nazarbayev 1990-c\u0131 ild\u0259n \u00f6lk\u0259y\u0259 r\u0259hb\u0259rlik edib. 2015-ci ild\u0259 o, be\u015finci m\u00fcdd\u0259t\u0259 prezident se\u00e7ilmi\u015fdi. \u00d6lk\u0259 prezidenti s\u0259lahiyy\u0259tl\u0259rini n\u00f6vb\u0259ti se\u00e7kil\u0259r\u0259d\u0259k Qazax\u0131stan Senat\u0131n\u0131n spikeri Kas\u0131m-Jomar Tokayev icra ed\u0259c\u0259k. Nursultan Nazarbayevin b\u00f6y\u00fck q\u0131z\u0131 Dariqa Nazarbayevan\u0131 is\u0259 Qazax\u0131stan senat\u0131na yeni spiker se\u00e7ibl\u0259r. Qazax\u0131standa n\u00f6vb\u0259ti prezident se\u00e7kil\u0259ri 2020-ci ild\u0259 ke\u00e7iril\u0259c\u0259k. Nursultan Nazarbayevin \u015f\u0259r\u0259fin\u0259 Astana \u015f\u0259h\u0259rinin ad\u0131 d\u0259yi\u015fli\u0259r\u0259k Nur-Sultan adland\u0131r\u0131l\u0131b.<\/p>\n<p>&nbsp;<\/p>\n<p><strong>Mart\u0131n<\/strong> <strong>25-I Yeni Zelandiyada iki m\u0259scidd\u0259 terror akt\u0131 ba\u015f verib.<\/strong><\/p>\n<p>Silahl\u0131 \u015f\u0259xsin m\u0259scidd\u0259 ibad\u0259t ed\u0259n m\u00fcs\u0259lmanlar\u0131 at\u0259\u015f\u0259 tutmas\u0131 n\u0259tic\u0259sind\u0259 50 n\u0259f\u0259r h\u0259yat\u0131n\u0131 itirib, 50 n\u0259f\u0259r is\u0259 yaralan\u0131b. M\u0259s\u0259l\u0259 il\u0259 ba\u011fl\u0131 T\u00fcrkiy\u0259nin s\u0259drliyi il\u0259 \u0130\u018fT-in nazirl\u0259r s\u0259viyy\u0259sind\u0259 T\u0259cili \u0130cra Komit\u0259sinin iclas\u0131 ke\u00e7irilib. \u0130clasa BMT, A\u0130 v\u0259 AT\u018fT kimi beyn\u0259lxalq t\u0259\u015fkilatlar\u0131n n\u00fcmay\u0259nd\u0259l\u0259ri d\u0259 i\u015ftirak edib. T\u00fcrkiy\u0259 Prezidenti R.T.\u018frdo\u011fan h\u0259min iclasda \u0130stanbuldak\u0131 Ayasofya muzeyininin m\u0259scid kimi f\u0259aliyy\u0259t g\u00f6st\u0259r\u0259c\u0259yini deyib.<\/p>\n<p>&nbsp;<\/p>\n<p><strong>AB\u015e Milli Elm Fondu (NSF) Qara d\u0259liyin ilk fotosunu payla\u015f\u0131b. <\/strong>Bu, 2012-ci ild\u0259 \u201cQara d\u0259lik\u201d \u0259traf\u0131n\u0131 m\u00fc\u015fahid\u0259 etm\u0259k \u00fc\u00e7\u00fcn qurulmu\u015f \u201cEvent Horizon Teleskopu\u201dndan \u0259ld\u0259 edil\u0259n g\u00f6r\u00fcnt\u00fc say\u0259sind\u0259 m\u00fcmk\u00fcn olub. Tarixi hadis\u0259 eyni zamanda 6 \u015f\u0259h\u0259rd\u0259 t\u0259\u015fkil edil\u0259n konfransda n\u00fcmayi\u015f etdirilir. Fondun m\u00fct\u0259x\u0259ssisl\u0259rind\u0259n Dimitrios Psaltis bu ara\u015fd\u0131rman\u0131n Eyn\u015fteynin nisbilik n\u0259z\u0259riyy\u0259sin\u0259 yeni fayda g\u0259tir\u0259c\u0259yini bildirib.<\/p>\n<p>&nbsp;<\/p>\n<p><strong>Fransan\u0131n paytaxt\u0131 Parisin \u0259n m\u0259\u015fhur m\u0259kanlar\u0131ndan olan 850 ya\u015fl\u0131\u00a0Notr-Dam kafedral\u0131nda\u00a0yan\u011f\u0131n ba\u015f verib.<\/strong><\/p>\n<p>Notr-Dam kils\u0259sinin saat\u0131 v\u0259 \u0259n uca q\u00fcll\u0259si art\u0131q yanaraq m\u0259hv olub. Kils\u0259ni b\u00fct\u00f6vl\u00fckd\u0259 alov b\u00fcr\u00fcy\u00fcb v\u0259 dam \u00f6rt\u00fcy\u00fc tamamil\u0259 k\u00fcl\u0259 d\u00f6n\u00fcb. M\u00fct\u0259x\u0259ssisl\u0259r kils\u0259nin b\u0259rpas\u0131n\u0131n m\u00fcmk\u00fcn olmayaca\u011f\u0131n\u0131 bildirib. Fransa Prezidenti Emmanuel Makron is\u0259 iki il \u0259rzind\u0259 kafedral\u0131n \u0259vv\u0259lkind\u0259nd\u0259 yax\u015f\u0131 v\u0259ziyy\u0259td\u0259 b\u0259rpa olunaca\u011f\u0131na s\u00f6z verib.<\/p>\n<p>&nbsp;<\/p>\n<p><strong>\u015eri Lankada terror akt\u0131 t\u00f6r\u0259dilib.<\/strong><\/p>\n<p>Paytaxt Kolomboda v\u0259 dig\u0259r \u015f\u0259h\u0259rl\u0259rd\u0259, kils\u0259l\u0259rd\u0259 v\u0259 otell\u0259rd\u0259 ke\u00e7iril\u0259n v\u0259 xristianlar\u0131n Pasxa bayramlar\u0131 zaman\u0131 ba\u015f vermi\u015f partlay\u0131\u015flar n\u0259tic\u0259sind\u0259 az\u0131 300-\u0259 yax\u0131n adam \u00f6l\u00fcb, 450 n\u0259f\u0259r yaralan\u0131b. \u00dcmumilikd\u0259 8 partlay\u0131\u015f ba\u015f verib, \u00f6l\u0259nl\u0259rin say\u0131 artmaqdad\u0131r. Ba\u015f ver\u0259n partlay\u0131\u015flarla ba\u011fl\u0131 m\u0259nsuliyy\u0259ti \u0130\u015e\u0130D \u00f6z \u00fcz\u0259rin\u0259 g\u00f6t\u00fcr\u00fcb. \u0130\u015e\u0130D Yeni Zelandiyadak\u0131 m\u0259scidd\u0259 t\u00f6r\u0259dil\u0259n terror akt\u0131na bel\u0259likl\u0259 cavab verildiyini bildirib. Az\u0259rbaycan\u0131n Xarici \u0130\u015fl\u0259r Nazirliyi \u015eri-Lankada \u00e7oxsayl\u0131 insan\u0131n \u00f6l\u00fcm\u00fc v\u0259 yaralanmas\u0131 il\u0259 n\u0259tic\u0259l\u0259n\u0259n terror aktlar\u0131n\u0131 pisl\u0259yib.<\/p>\n<p>&nbsp;<\/p>\n<p style=\"text-align: right;\"><em><strong>Bunlar d\u00fcnyada ba\u015f ver\u0259n hadis\u0259l\u0259rin yaln\u0131z\u00a0 bir hiss\u0259dir&#8230;<\/strong><\/em><\/p>\n<p>&nbsp;<\/p>\n<p><img loading=\"lazy\" decoding=\"async\" class=\"wp-image-4251 alignright\" src=\"http:\/\/yusif.az\/main\/wp-content\/uploads\/2019\/04\/p222-291x300.jpg\" alt=\"\" width=\"70\" height=\"72\" srcset=\"https:\/\/yusif.az\/main\/wp-content\/uploads\/2019\/04\/p222-291x300.jpg 291w, https:\/\/yusif.az\/main\/wp-content\/uploads\/2019\/04\/p222.jpg 372w\" sizes=\"auto, (max-width: 70px) 100vw, 70px\" \/><\/p><\/blockquote>\n<div style=\"margin: 20px 0;\"><div class=\"qrcswholewtapper\" style=\"text-align:left;\"><div class=\"qrcprowrapper\"  id=\"qrcwraa2leds\"><div class=\"qrc_canvass\" id=\"qrc_cuttenpages_2\" style=\"display:inline-block\" data-text=\"https:\/\/yusif.az\/main\/?p=4325\"><\/div><div><a download=\"2019-cu ild\u0259 D\u00fcnyada ba\u015f ver\u0259n b\u0259zi m\u00fch\u00fcm hadis\u0259l\u0259r (M\u00fcsahib\u0259 \u00fc\u00e7\u00fcn).png\" class=\"qrcdownloads\" id=\"worign\">\r\n           <button type=\"button\" style=\"min-width:110px;background:#44d813;color:#000;font-weight: 600;border: 1px solid #44d813;border-radius:20px;font-size:12px;padding: 6px 0;\" class=\"uqr_code_btn\">QR kodu Y\u00fckl\u0259 \ud83e\udc0b<\/button>\r\n           <\/a><\/div><\/div><\/div><\/div>","protected":false},"excerpt":{"rendered":"<p>2019-cu ild\u0259 d\u00fcnyan\u0131n m\u00fch\u00fcm hadis\u0259l\u0259ri &nbsp; Fevral ay\u0131nda Pakistan v\u0259 Hindistan aras\u0131nda m\u00fcnasib\u0259tl\u0259r g\u0259rginl\u0259\u015fib. Hindistan\u0131n Pakistan\u0131 K\u0259\u015fmir b\u00f6lg\u0259sind\u0259 terror\u00e7ular\u0131 d\u0259st\u0259kl\u0259m\u0259kd\u0259 ittiham edib v\u0259 hava q\u00fcvv\u0259l\u0259ri il\u0259 Pakistan\u0131n hava m\u0259kan\u0131na daxil olub. Pakistan is\u0259 cavab olaraq Hindistan q\u0131r\u0131c\u0131lar\u0131n\u0131 vurub. N\u0259tic\u0259d\u0259 h\u0259r iki t\u0259r\u0259fd\u0259n \u00f6l\u0259n v\u0259 yaralanalar olub v\u0259 h\u0259r iki t\u0259r\u0259f m\u00fcharib\u0259y\u0259 haz\u0131rla\u015f\u0131rd\u0131. Yaln\u0131z Pakistan\u0131n 360-a [&hellip;]<\/p>\n","protected":false},"author":1,"featured_media":4326,"comment_status":"closed","ping_status":"open","sticky":false,"template":"","format":"standard","meta":{"footnotes":""},"categories":[34],"tags":[],"class_list":["post-4325","post","type-post","status-publish","format-standard","has-post-thumbnail","hentry","category-dunya-gorusu-v-azrbycan"],"yoast_head":"<!-- This site is optimized with the Yoast SEO plugin v27.4 - https:\/\/yoast.com\/product\/yoast-seo-wordpress\/ -->\n<title>2019-cu ild\u0259 D\u00fcnyada ba\u015f ver\u0259n b\u0259zi m\u00fch\u00fcm hadis\u0259l\u0259r (M\u00fcsahib\u0259 \u00fc\u00e7\u00fcn) - www.YUSIF.az<\/title>\n<meta name=\"description\" content=\"2019-cu ild\u0259 d\u00fcnyan\u0131n m\u00fch\u00fcm hadis\u0259l\u0259ri\" \/>\n<meta name=\"robots\" content=\"index, follow, max-snippet:-1, max-image-preview:large, max-video-preview:-1\" \/>\n<link rel=\"canonical\" href=\"https:\/\/yusif.az\/main\/?p=4325\" \/>\n<meta property=\"og:locale\" content=\"az_AZ\" \/>\n<meta property=\"og:type\" content=\"article\" \/>\n<meta property=\"og:title\" content=\"2019-cu ild\u0259 D\u00fcnyada ba\u015f ver\u0259n b\u0259zi m\u00fch\u00fcm hadis\u0259l\u0259r (M\u00fcsahib\u0259 \u00fc\u00e7\u00fcn) - www.YUSIF.az\" \/>\n<meta property=\"og:description\" content=\"2019-cu ild\u0259 d\u00fcnyan\u0131n m\u00fch\u00fcm hadis\u0259l\u0259ri\" \/>\n<meta property=\"og:url\" content=\"https:\/\/yusif.az\/main\/?p=4325\" \/>\n<meta property=\"og:site_name\" content=\"www.YUSIF.az\" \/>\n<meta property=\"article:published_time\" content=\"2019-05-23T18:14:57+00:00\" \/>\n<meta property=\"article:modified_time\" content=\"2019-08-04T21:26:44+00:00\" \/>\n<meta property=\"og:image\" content=\"https:\/\/yusif.az\/main\/wp-content\/uploads\/2019\/05\/https___specials-images.forbesimg.com_dam_imageserve_967906082_960x0-1.jpg\" \/>\n\t<meta property=\"og:image:width\" content=\"960\" \/>\n\t<meta property=\"og:image:height\" content=\"641\" \/>\n\t<meta property=\"og:image:type\" content=\"image\/jpeg\" \/>\n<meta name=\"author\" content=\"auto61\" \/>\n<meta name=\"twitter:card\" content=\"summary_large_image\" \/>\n<meta name=\"twitter:label1\" content=\"Written by\" \/>\n\t<meta name=\"twitter:data1\" content=\"auto61\" \/>\n\t<meta name=\"twitter:label2\" content=\"Est. reading time\" \/>\n\t<meta name=\"twitter:data2\" content=\"7 minutes\" \/>\n<script type=\"application\/ld+json\" class=\"yoast-schema-graph\">{\"@context\":\"https:\\\/\\\/schema.org\",\"@graph\":[{\"@type\":\"Article\",\"@id\":\"https:\\\/\\\/yusif.az\\\/main\\\/?p=4325#article\",\"isPartOf\":{\"@id\":\"https:\\\/\\\/yusif.az\\\/main\\\/?p=4325\"},\"author\":{\"name\":\"auto61\",\"@id\":\"https:\\\/\\\/yusif.az\\\/main\\\/#\\\/schema\\\/person\\\/904da2c1a1bbe7e501df95c2bc38d146\"},\"headline\":\"2019-cu ild\u0259 D\u00fcnyada ba\u015f ver\u0259n b\u0259zi m\u00fch\u00fcm hadis\u0259l\u0259r (M\u00fcsahib\u0259 \u00fc\u00e7\u00fcn)\",\"datePublished\":\"2019-05-23T18:14:57+00:00\",\"dateModified\":\"2019-08-04T21:26:44+00:00\",\"mainEntityOfPage\":{\"@id\":\"https:\\\/\\\/yusif.az\\\/main\\\/?p=4325\"},\"wordCount\":1453,\"publisher\":{\"@id\":\"https:\\\/\\\/yusif.az\\\/main\\\/#\\\/schema\\\/person\\\/904da2c1a1bbe7e501df95c2bc38d146\"},\"image\":{\"@id\":\"https:\\\/\\\/yusif.az\\\/main\\\/?p=4325#primaryimage\"},\"thumbnailUrl\":\"https:\\\/\\\/yusif.az\\\/main\\\/wp-content\\\/uploads\\\/2019\\\/05\\\/https___specials-images.forbesimg.com_dam_imageserve_967906082_960x0-1.jpg\",\"articleSection\":[\"D\u00fcnya G\u00f6r\u00fc\u015f\u00fc v\u0259 Az\u0259rbycan\"],\"inLanguage\":\"az\"},{\"@type\":\"WebPage\",\"@id\":\"https:\\\/\\\/yusif.az\\\/main\\\/?p=4325\",\"url\":\"https:\\\/\\\/yusif.az\\\/main\\\/?p=4325\",\"name\":\"2019-cu ild\u0259 D\u00fcnyada ba\u015f ver\u0259n b\u0259zi m\u00fch\u00fcm hadis\u0259l\u0259r (M\u00fcsahib\u0259 \u00fc\u00e7\u00fcn) - www.YUSIF.az\",\"isPartOf\":{\"@id\":\"https:\\\/\\\/yusif.az\\\/main\\\/#website\"},\"primaryImageOfPage\":{\"@id\":\"https:\\\/\\\/yusif.az\\\/main\\\/?p=4325#primaryimage\"},\"image\":{\"@id\":\"https:\\\/\\\/yusif.az\\\/main\\\/?p=4325#primaryimage\"},\"thumbnailUrl\":\"https:\\\/\\\/yusif.az\\\/main\\\/wp-content\\\/uploads\\\/2019\\\/05\\\/https___specials-images.forbesimg.com_dam_imageserve_967906082_960x0-1.jpg\",\"datePublished\":\"2019-05-23T18:14:57+00:00\",\"dateModified\":\"2019-08-04T21:26:44+00:00\",\"description\":\"2019-cu ild\u0259 d\u00fcnyan\u0131n m\u00fch\u00fcm hadis\u0259l\u0259ri\",\"breadcrumb\":{\"@id\":\"https:\\\/\\\/yusif.az\\\/main\\\/?p=4325#breadcrumb\"},\"inLanguage\":\"az\",\"potentialAction\":[{\"@type\":\"ReadAction\",\"target\":[\"https:\\\/\\\/yusif.az\\\/main\\\/?p=4325\"]}]},{\"@type\":\"ImageObject\",\"inLanguage\":\"az\",\"@id\":\"https:\\\/\\\/yusif.az\\\/main\\\/?p=4325#primaryimage\",\"url\":\"https:\\\/\\\/yusif.az\\\/main\\\/wp-content\\\/uploads\\\/2019\\\/05\\\/https___specials-images.forbesimg.com_dam_imageserve_967906082_960x0-1.jpg\",\"contentUrl\":\"https:\\\/\\\/yusif.az\\\/main\\\/wp-content\\\/uploads\\\/2019\\\/05\\\/https___specials-images.forbesimg.com_dam_imageserve_967906082_960x0-1.jpg\",\"width\":960,\"height\":641},{\"@type\":\"BreadcrumbList\",\"@id\":\"https:\\\/\\\/yusif.az\\\/main\\\/?p=4325#breadcrumb\",\"itemListElement\":[{\"@type\":\"ListItem\",\"position\":1,\"name\":\"Home\",\"item\":\"https:\\\/\\\/yusif.az\\\/main\"},{\"@type\":\"ListItem\",\"position\":2,\"name\":\"2019-cu ild\u0259 D\u00fcnyada ba\u015f ver\u0259n b\u0259zi m\u00fch\u00fcm hadis\u0259l\u0259r (M\u00fcsahib\u0259 \u00fc\u00e7\u00fcn)\"}]},{\"@type\":\"WebSite\",\"@id\":\"https:\\\/\\\/yusif.az\\\/main\\\/#website\",\"url\":\"https:\\\/\\\/yusif.az\\\/main\\\/\",\"name\":\"www.YUSIF.az\",\"description\":\"Birlikd\u0259 Y\u00fcks\u0259li\u015f\u0259 Do\u011fru!!!\",\"publisher\":{\"@id\":\"https:\\\/\\\/yusif.az\\\/main\\\/#\\\/schema\\\/person\\\/904da2c1a1bbe7e501df95c2bc38d146\"},\"potentialAction\":[{\"@type\":\"SearchAction\",\"target\":{\"@type\":\"EntryPoint\",\"urlTemplate\":\"https:\\\/\\\/yusif.az\\\/main\\\/?s={search_term_string}\"},\"query-input\":{\"@type\":\"PropertyValueSpecification\",\"valueRequired\":true,\"valueName\":\"search_term_string\"}}],\"inLanguage\":\"az\"},{\"@type\":[\"Person\",\"Organization\"],\"@id\":\"https:\\\/\\\/yusif.az\\\/main\\\/#\\\/schema\\\/person\\\/904da2c1a1bbe7e501df95c2bc38d146\",\"name\":\"auto61\",\"image\":{\"@type\":\"ImageObject\",\"inLanguage\":\"az\",\"@id\":\"https:\\\/\\\/secure.gravatar.com\\\/avatar\\\/206904355e04c426b5ca443938aabf7f3ee8e177abeb155e7567388fa9c208a3?s=96&d=wavatar&r=g\",\"url\":\"https:\\\/\\\/secure.gravatar.com\\\/avatar\\\/206904355e04c426b5ca443938aabf7f3ee8e177abeb155e7567388fa9c208a3?s=96&d=wavatar&r=g\",\"contentUrl\":\"https:\\\/\\\/secure.gravatar.com\\\/avatar\\\/206904355e04c426b5ca443938aabf7f3ee8e177abeb155e7567388fa9c208a3?s=96&d=wavatar&r=g\",\"caption\":\"auto61\"},\"logo\":{\"@id\":\"https:\\\/\\\/secure.gravatar.com\\\/avatar\\\/206904355e04c426b5ca443938aabf7f3ee8e177abeb155e7567388fa9c208a3?s=96&d=wavatar&r=g\"}}]}<\/script>\n<!-- \/ Yoast SEO plugin. -->","yoast_head_json":{"title":"2019-cu ild\u0259 D\u00fcnyada ba\u015f ver\u0259n b\u0259zi m\u00fch\u00fcm hadis\u0259l\u0259r (M\u00fcsahib\u0259 \u00fc\u00e7\u00fcn) - www.YUSIF.az","description":"2019-cu ild\u0259 d\u00fcnyan\u0131n m\u00fch\u00fcm hadis\u0259l\u0259ri","robots":{"index":"index","follow":"follow","max-snippet":"max-snippet:-1","max-image-preview":"max-image-preview:large","max-video-preview":"max-video-preview:-1"},"canonical":"https:\/\/yusif.az\/main\/?p=4325","og_locale":"az_AZ","og_type":"article","og_title":"2019-cu ild\u0259 D\u00fcnyada ba\u015f ver\u0259n b\u0259zi m\u00fch\u00fcm hadis\u0259l\u0259r (M\u00fcsahib\u0259 \u00fc\u00e7\u00fcn) - www.YUSIF.az","og_description":"2019-cu ild\u0259 d\u00fcnyan\u0131n m\u00fch\u00fcm hadis\u0259l\u0259ri","og_url":"https:\/\/yusif.az\/main\/?p=4325","og_site_name":"www.YUSIF.az","article_published_time":"2019-05-23T18:14:57+00:00","article_modified_time":"2019-08-04T21:26:44+00:00","og_image":[{"width":960,"height":641,"url":"https:\/\/yusif.az\/main\/wp-content\/uploads\/2019\/05\/https___specials-images.forbesimg.com_dam_imageserve_967906082_960x0-1.jpg","type":"image\/jpeg"}],"author":"auto61","twitter_card":"summary_large_image","twitter_misc":{"Written by":"auto61","Est. reading time":"7 minutes"},"schema":{"@context":"https:\/\/schema.org","@graph":[{"@type":"Article","@id":"https:\/\/yusif.az\/main\/?p=4325#article","isPartOf":{"@id":"https:\/\/yusif.az\/main\/?p=4325"},"author":{"name":"auto61","@id":"https:\/\/yusif.az\/main\/#\/schema\/person\/904da2c1a1bbe7e501df95c2bc38d146"},"headline":"2019-cu ild\u0259 D\u00fcnyada ba\u015f ver\u0259n b\u0259zi m\u00fch\u00fcm hadis\u0259l\u0259r (M\u00fcsahib\u0259 \u00fc\u00e7\u00fcn)","datePublished":"2019-05-23T18:14:57+00:00","dateModified":"2019-08-04T21:26:44+00:00","mainEntityOfPage":{"@id":"https:\/\/yusif.az\/main\/?p=4325"},"wordCount":1453,"publisher":{"@id":"https:\/\/yusif.az\/main\/#\/schema\/person\/904da2c1a1bbe7e501df95c2bc38d146"},"image":{"@id":"https:\/\/yusif.az\/main\/?p=4325#primaryimage"},"thumbnailUrl":"https:\/\/yusif.az\/main\/wp-content\/uploads\/2019\/05\/https___specials-images.forbesimg.com_dam_imageserve_967906082_960x0-1.jpg","articleSection":["D\u00fcnya G\u00f6r\u00fc\u015f\u00fc v\u0259 Az\u0259rbycan"],"inLanguage":"az"},{"@type":"WebPage","@id":"https:\/\/yusif.az\/main\/?p=4325","url":"https:\/\/yusif.az\/main\/?p=4325","name":"2019-cu ild\u0259 D\u00fcnyada ba\u015f ver\u0259n b\u0259zi m\u00fch\u00fcm hadis\u0259l\u0259r (M\u00fcsahib\u0259 \u00fc\u00e7\u00fcn) - www.YUSIF.az","isPartOf":{"@id":"https:\/\/yusif.az\/main\/#website"},"primaryImageOfPage":{"@id":"https:\/\/yusif.az\/main\/?p=4325#primaryimage"},"image":{"@id":"https:\/\/yusif.az\/main\/?p=4325#primaryimage"},"thumbnailUrl":"https:\/\/yusif.az\/main\/wp-content\/uploads\/2019\/05\/https___specials-images.forbesimg.com_dam_imageserve_967906082_960x0-1.jpg","datePublished":"2019-05-23T18:14:57+00:00","dateModified":"2019-08-04T21:26:44+00:00","description":"2019-cu ild\u0259 d\u00fcnyan\u0131n m\u00fch\u00fcm hadis\u0259l\u0259ri","breadcrumb":{"@id":"https:\/\/yusif.az\/main\/?p=4325#breadcrumb"},"inLanguage":"az","potentialAction":[{"@type":"ReadAction","target":["https:\/\/yusif.az\/main\/?p=4325"]}]},{"@type":"ImageObject","inLanguage":"az","@id":"https:\/\/yusif.az\/main\/?p=4325#primaryimage","url":"https:\/\/yusif.az\/main\/wp-content\/uploads\/2019\/05\/https___specials-images.forbesimg.com_dam_imageserve_967906082_960x0-1.jpg","contentUrl":"https:\/\/yusif.az\/main\/wp-content\/uploads\/2019\/05\/https___specials-images.forbesimg.com_dam_imageserve_967906082_960x0-1.jpg","width":960,"height":641},{"@type":"BreadcrumbList","@id":"https:\/\/yusif.az\/main\/?p=4325#breadcrumb","itemListElement":[{"@type":"ListItem","position":1,"name":"Home","item":"https:\/\/yusif.az\/main"},{"@type":"ListItem","position":2,"name":"2019-cu ild\u0259 D\u00fcnyada ba\u015f ver\u0259n b\u0259zi m\u00fch\u00fcm hadis\u0259l\u0259r (M\u00fcsahib\u0259 \u00fc\u00e7\u00fcn)"}]},{"@type":"WebSite","@id":"https:\/\/yusif.az\/main\/#website","url":"https:\/\/yusif.az\/main\/","name":"www.YUSIF.az","description":"Birlikd\u0259 Y\u00fcks\u0259li\u015f\u0259 Do\u011fru!!!","publisher":{"@id":"https:\/\/yusif.az\/main\/#\/schema\/person\/904da2c1a1bbe7e501df95c2bc38d146"},"potentialAction":[{"@type":"SearchAction","target":{"@type":"EntryPoint","urlTemplate":"https:\/\/yusif.az\/main\/?s={search_term_string}"},"query-input":{"@type":"PropertyValueSpecification","valueRequired":true,"valueName":"search_term_string"}}],"inLanguage":"az"},{"@type":["Person","Organization"],"@id":"https:\/\/yusif.az\/main\/#\/schema\/person\/904da2c1a1bbe7e501df95c2bc38d146","name":"auto61","image":{"@type":"ImageObject","inLanguage":"az","@id":"https:\/\/secure.gravatar.com\/avatar\/206904355e04c426b5ca443938aabf7f3ee8e177abeb155e7567388fa9c208a3?s=96&d=wavatar&r=g","url":"https:\/\/secure.gravatar.com\/avatar\/206904355e04c426b5ca443938aabf7f3ee8e177abeb155e7567388fa9c208a3?s=96&d=wavatar&r=g","contentUrl":"https:\/\/secure.gravatar.com\/avatar\/206904355e04c426b5ca443938aabf7f3ee8e177abeb155e7567388fa9c208a3?s=96&d=wavatar&r=g","caption":"auto61"},"logo":{"@id":"https:\/\/secure.gravatar.com\/avatar\/206904355e04c426b5ca443938aabf7f3ee8e177abeb155e7567388fa9c208a3?s=96&d=wavatar&r=g"}}]}},"_links":{"self":[{"href":"https:\/\/yusif.az\/main\/index.php?rest_route=\/wp\/v2\/posts\/4325","targetHints":{"allow":["GET"]}}],"collection":[{"href":"https:\/\/yusif.az\/main\/index.php?rest_route=\/wp\/v2\/posts"}],"about":[{"href":"https:\/\/yusif.az\/main\/index.php?rest_route=\/wp\/v2\/types\/post"}],"author":[{"embeddable":true,"href":"https:\/\/yusif.az\/main\/index.php?rest_route=\/wp\/v2\/users\/1"}],"replies":[{"embeddable":true,"href":"https:\/\/yusif.az\/main\/index.php?rest_route=%2Fwp%2Fv2%2Fcomments&post=4325"}],"version-history":[{"count":2,"href":"https:\/\/yusif.az\/main\/index.php?rest_route=\/wp\/v2\/posts\/4325\/revisions"}],"predecessor-version":[{"id":4825,"href":"https:\/\/yusif.az\/main\/index.php?rest_route=\/wp\/v2\/posts\/4325\/revisions\/4825"}],"wp:featuredmedia":[{"embeddable":true,"href":"https:\/\/yusif.az\/main\/index.php?rest_route=\/wp\/v2\/media\/4326"}],"wp:attachment":[{"href":"https:\/\/yusif.az\/main\/index.php?rest_route=%2Fwp%2Fv2%2Fmedia&parent=4325"}],"wp:term":[{"taxonomy":"category","embeddable":true,"href":"https:\/\/yusif.az\/main\/index.php?rest_route=%2Fwp%2Fv2%2Fcategories&post=4325"},{"taxonomy":"post_tag","embeddable":true,"href":"https:\/\/yusif.az\/main\/index.php?rest_route=%2Fwp%2Fv2%2Ftags&post=4325"}],"curies":[{"name":"wp","href":"https:\/\/api.w.org\/{rel}","templated":true}]}}